{"id":33954,"date":"2024-04-14T16:41:51","date_gmt":"2024-04-14T19:41:51","guid":{"rendered":"https:\/\/revolutionarena.com\/pt-br\/?p=33954"},"modified":"2024-04-14T16:41:53","modified_gmt":"2024-04-14T19:41:53","slug":"o-que-e-o-imagineland-e-como-o-evento-posicionou-joao-pessoa-no-mapa-global-de-eventos-culturais-e-de-entretenimento","status":"publish","type":"post","link":"https:\/\/revolutionarena.com\/pt-br\/o-que-e-o-imagineland-e-como-o-evento-posicionou-joao-pessoa-no-mapa-global-de-eventos-culturais-e-de-entretenimento\/","title":{"rendered":"O que \u00e9 o Imagineland, e como o evento posicionou Jo\u00e3o Pessoa no mapa global de eventos culturais e de entretenimento"},"content":{"rendered":"\n<p>O Imagineland \u00e9 um evento inovador de cultura pop e tecnologia que teve a sua primeira edi\u00e7\u00e3o no ano de 2023, na cidade de Jo\u00e3o Pessoa, que \u00e9 a capital do Estado da Para\u00edba. Convenhamos que \u00e9 bastante incomum acontecer esse tipo de evento fora das cidades do Rio de Janeiro e de S\u00e3o Paulo, que s\u00e3o as cidades que monopolizam todos os grandes eventos sobre games e cultura pop no Brasil; e foi justamente essa a grande sacada dos idealizadores deste maravilhoso evento (fazer um evento grandioso no nordeste), que j\u00e1 se tornou refer\u00eancia e posiciona uma cidade do nordeste brasileiro, Jo\u00e3o Pessoa, no mapa global de eventos culturais e de entretenimento.<\/p>\n\n\n\n<p>O Imagineland teve a sua primeira edi\u00e7\u00e3o realizada no moderno Centro de Conven\u00e7\u00f5es da cidade (a edi\u00e7\u00e3o de 2024 acontecer\u00e1 em 26, 27 e 28 de julho, no mesmo local; mais detalhes sobre a edi\u00e7\u00e3o 2024 abaixo), o evento transcende o conceito tradicional de conven\u00e7\u00f5es de cultura pop ao integrar m\u00fasica, cinema, games, cosplay, K-pop, e mais, com um forte componente tecnol\u00f3gico que inclui desde rob\u00f3tica at\u00e9 blockchain.<\/p>\n\n\n\n<p>A edi\u00e7\u00e3o de 2023 teve mais de 50 horas de programa\u00e7\u00e3o diversificada, abrangendo uma vasta \u00e1rea de 45 mil metros quadrados. Imagineland n\u00e3o apenas celebrou a cultura geek, mas tamb\u00e9m se prop\u00f4s como uma plataforma para fomentar a economia criativa da regi\u00e3o. A presen\u00e7a de figuras renomadas tanto no cen\u00e1rio nacional quanto internacional, como Maur\u00edcio de Sousa e Edgar Vivar, e estrelas de s\u00e9ries e filmes norte americanos, como David Ramsey (de Arrrow e The Flash), Julie Caitlin Brown (Star Trek) e Seth Gilliam (de The Walking Dead), adiciona um prest\u00edgio especial, atraindo f\u00e3s e participantes de diversas partes do pa\u00eds, que, al\u00e9m das diversas atra\u00e7\u00f5es do evento, acabam descobrindo os encantos das pacatas, aconchegantes e bel\u00edssimas praias da cidade de Jo\u00e3o Pessoa.<\/p>\n\n\n\n<p>A iniciativa por tr\u00e1s do Imagineland \u00e9 uma colabora\u00e7\u00e3o de v\u00e1rias entidades experientes na \u00e1rea de eventos e educa\u00e7\u00e3o cultural, como a Ei Nerd, Eleven Dragons, Fpass, Non Stop e Spola, que juntas buscam n\u00e3o apenas entreter, mas educar e inspirar. O apoio do governo estadual e da prefeitura local, al\u00e9m de parcerias com empresas a\u00e9reas, evidencia um esfor\u00e7o concertado para garantir que o evento seja um marco significativo n\u00e3o apenas para Jo\u00e3o Pessoa, mas para o Brasil como um todo.<\/p>\n\n\n\n<p>O impacto do Imagineland vai al\u00e9m do entretenimento. Ele serve como um catalisador para mostrar ao mundo o potencial criativo e tecnol\u00f3gico do Nordeste, ajudando a transformar a regi\u00e3o em um polo atraente para turistas e investidores internacionais. Compar\u00e1vel a eventos de grande nome como SXSW e ComicCon, o ImagineLand busca se estabelecer como uma celebra\u00e7\u00e3o anual que contribui significativamente para o reconhecimento internacional de Jo\u00e3o Pessoa no cen\u00e1rio dos grandes festivais culturais e tecnol\u00f3gicos.<\/p>\n\n\n\n<p>Ao trazer esse evento para a regi\u00e3o, os organizadores n\u00e3o apenas proporcionaram uma plataforma para talentos locais e internacionais, mas tamb\u00e9m fortalecem o turismo e a economia local, al\u00e9m de permitir que uma consider\u00e1vel parcela da popula\u00e7\u00e3o brasileira tivesse a oportunidade de participar deste tipo de evento, que antes, somente acontecia no sudeste do pa\u00eds. Com a vis\u00e3o de continuar crescendo e se integrando ao calend\u00e1rio de eventos internacionais, o Imagineland \u00e9 um passo audacioso e promissor para colocar Jo\u00e3o Pessoa e o Nordeste no centro das aten\u00e7\u00f5es globais no universo da cultura pop e inova\u00e7\u00e3o.<\/p>\n\n\n\n<p>Confira abaixo um v\u00eddeo com o que rolou na edi\u00e7\u00e3o 2023 do Imagineland:<\/p>\n\n\n\n<figure class=\"wp-block-embed aligncenter is-type-video is-provider-youtube wp-block-embed-youtube wp-embed-aspect-16-9 wp-has-aspect-ratio\"><div class=\"wp-block-embed__wrapper\">\n<iframe loading=\"lazy\" title=\"IMAGINELAND | CONFIRA UM POUCO DO QUE ROLOU NOS 3 DIAS DE EVENTO\" width=\"1140\" height=\"641\" src=\"https:\/\/www.youtube.com\/embed\/Kp9Xhsm1Xxo?feature=oembed\" frameborder=\"0\" allow=\"accelerometer; autoplay; clipboard-write; encrypted-media; gyroscope; picture-in-picture; web-share\" referrerpolicy=\"strict-origin-when-cross-origin\" allowfullscreen><\/iframe>\n<\/div><\/figure>\n\n\n\n<p><\/p>\n\n\n\n<h1 class=\"wp-block-heading has-text-align-center\">IMAGINELAND 2024<\/h1>\n\n\n\n<p>O Imagineland 2024, previsto para ocorrer entre os dias 26 e 28 de julho, est\u00e1 se posicionando para ser um dos eventos mais emblem\u00e1ticos do ano em Jo\u00e3o Pessoa, Para\u00edba. Com uma programa\u00e7\u00e3o expansiva e instala\u00e7\u00f5es amplas no Centro de Conven\u00e7\u00f5es, o evento promete ser um caldeir\u00e3o de cultura pop, tecnologia e entretenimento, atraindo tanto p\u00fablico nacional quanto internacional.<\/p>\n\n\n\n<h3 class=\"wp-block-heading\">Local e Infraestrutura<\/h3>\n\n\n<div class=\"wp-block-image\">\n<figure class=\"aligncenter size-large\"><img decoding=\"async\" src=\"https:\/\/imagineland.com.br\/wp-content\/uploads\/2024\/04\/mapa.webp\" alt=\"\"\/><figcaption class=\"wp-element-caption\"><em>Mapa do Imagineland 2024<\/em><\/figcaption><\/figure>\n<\/div>\n\n\n<p>O Centro de Conven\u00e7\u00f5es de Jo\u00e3o Pessoa, com seus impressionantes 48 mil metros quadrados, ser\u00e1 novamente o palco do Imagineland. Este espa\u00e7o \u00e9 dividido em m\u00faltiplas \u00e1reas que incluem tr\u00eas pavilh\u00f5es principais e extensas \u00e1reas externas, todas equipadas para suportar uma variedade de atividades interativas e imersivas.<\/p>\n\n\n\n<h4 class=\"wp-block-heading\">Pavilh\u00e3o Claro<\/h4>\n\n\n\n<p>O Pavilh\u00e3o Claro ser\u00e1 um hub de atividades, hospedando estandes de grandes marcas que demonstrar\u00e3o novos produtos e tecnologias. Al\u00e9m de uma vasta pra\u00e7a de alimenta\u00e7\u00e3o, este pavilh\u00e3o tamb\u00e9m contar\u00e1 com o Artists\u2019 Alley, onde mais de 100 artistas exibir\u00e3o e vender\u00e3o suas obras originais. Adjacente a estas atra\u00e7\u00f5es, o Palco Claro M\u00fasica apresentar\u00e1 uma s\u00e9rie de concertos ao vivo e campeonatos, garantindo entretenimento cont\u00ednuo ao longo do evento.<\/p>\n\n\n\n<h4 class=\"wp-block-heading\">Pavilh\u00e3o Gamer<\/h4>\n\n\n\n<p>Este pavilh\u00e3o \u00e9 especialmente desenhado para os aficionados por jogos eletr\u00f4nicos, com a realiza\u00e7\u00e3o da Imagine League, o maior torneio de eSports do Norte e Nordeste do Brasil. A estrutura deste ano promete ser ainda mais avan\u00e7ada, com arenas de competi\u00e7\u00e3o bem equipadas e espa\u00e7os dedicados para experi\u00eancias de realidade virtual.<\/p>\n\n\n\n<h4 class=\"wp-block-heading\">Centerplex Pedra do Reino<\/h4>\n\n\n\n<p>Renomeado temporariamente para o maior cinema do Brasil, o Teatro Pedra do Reino, em parceria com a Centerplex e a Dolby Digital, oferecer\u00e1 uma experi\u00eancia cinematogr\u00e1fica de ponta. Aqui, pain\u00e9is com celebridades nacionais e internacionais ser\u00e3o realizados, al\u00e9m da exibi\u00e7\u00e3o de filmes e lan\u00e7amentos exclusivos.<\/p>\n\n\n\n<h3 class=\"wp-block-heading\">Atividades Externas<\/h3>\n\n\n\n<p>Al\u00e9m das atividades internas, o Imagineland 2024 expandir\u00e1 suas intera\u00e7\u00f5es para as \u00e1reas externas do Centro de Conven\u00e7\u00f5es. Seguindo o sucesso do Sans\u00e3o gigante de 2023, este ano o evento introduzir\u00e1 o Bidu Balloon, uma atra\u00e7\u00e3o visualmente impactante, junto com outras instala\u00e7\u00f5es interativas que ser\u00e3o reveladas nos meses que antecedem o festival.<\/p>\n\n\n\n<h3 class=\"wp-block-heading\">Atra\u00e7\u00f5es e Convidados<\/h3>\n\n\n\n<p>O Imagineland n\u00e3o s\u00f3 se destaca pela sua infraestrutura e atividades, mas tamb\u00e9m pelo calibre de seus convidados. Artistas internacionais e nacionais, estrelas de renome da cultura pop, m\u00fasicos, atores, e uma variedade de influenciadores digitais e criadores de conte\u00fado marcar\u00e3o presen\u00e7a. O evento tamb\u00e9m \u00e9 uma plataforma para dubladores famosos e artistas gr\u00e1ficos, aumentando sua relev\u00e2ncia no cen\u00e1rio cultural global.<\/p>\n\n\n\n<h3 class=\"wp-block-heading\">Impacto Cultural e Econ\u00f4mico<\/h3>\n\n\n\n<p>Al\u00e9m de ser um evento de entretenimento, o Imagineland tem um significativo impacto cultural e econ\u00f4mico na regi\u00e3o. Ao atrair visitantes de diversas partes do Brasil e do mundo, o evento n\u00e3o s\u00f3 fomenta o turismo em Jo\u00e3o Pessoa, mas tamb\u00e9m estimula a economia local atrav\u00e9s de parcerias com empresas locais e internacionais. Este gigante festival de cultura pop \u00e9 uma oportunidade para Jo\u00e3o Pessoa mostrar sua capacidade de hospedar eventos de grande escala, consolidando sua posi\u00e7\u00e3o no mapa de eventos internacionais de cultura e entretenimento, afinal n\u00e3o \u00e9 s\u00f3 de belas e maravilhosas praias que a capital da Para\u00edba \u00e9 formada&#8230;<\/p>\n\n\n\n<p>O Revolution Arena estar\u00e1 presente no Imagineland 2024 e ir\u00e1 cobrir tudo que acontecer por l\u00e1. Esse ano o evento promete ser uma jornada espetacular atrav\u00e9s do universo da cultura pop e da tecnologia, oferecendo aos participantes uma experi\u00eancia \u00fanica e diferenciada.<\/p>\n\n\n\n<h2 class=\"wp-block-heading\">Programa\u00e7\u00e3o do Imagine 2024:<\/h2>\n\n\n\n<p>Confira abaixo os participantes confirmados pela organiza\u00e7\u00e3o do evento, at\u00e9 a data de hoje:<\/p>\n\n\n\n<h3 class=\"wp-block-heading\">Dia 01 &#8211; Quinta, 25\/07<\/h3>\n\n\n\n<p>O evento come\u00e7a com uma cerim\u00f4nia de abertura exclusiva para convidados, seguida pelo Licensing Day, uma confer\u00eancia focada no mercado de licenciamento e personagens, destacando-se como uma oportunidade para os profissionais da ind\u00fastria ampliarem seus conhecimentos e redes de contatos.<\/p>\n\n\n\n<h3 class=\"wp-block-heading\">Dia 02 &#8211; Sexta, 26\/07<\/h3>\n\n\n\n<p>Este dia v\u00ea a chegada de Vincent Martella, conhecido por seu papel como Greg em &#8220;Todo Mundo Odeia o Chris&#8221;. Martella participar\u00e1 de um painel sobre sua carreira e tamb\u00e9m estar\u00e1 dispon\u00edvel para fotos e aut\u00f3grafos. Michael Cudlitz, que interpreta Lex Luthor nas mais recentes produ\u00e7\u00f5es da DC, e Carlos Saldanha, cineasta conhecido por seus trabalhos em &#8220;Rio&#8221; e &#8220;A Era do Gelo&#8221;, tamb\u00e9m ter\u00e3o pain\u00e9is destacados.<\/p>\n\n\n\n<p>Wendel Bezerra e outros dubladores famosos ter\u00e3o sess\u00f5es interativas, e a arena cosplay ser\u00e1 animada por Jessica, conhecida como Maid of Might, e Cassandra, que servir\u00e1 como jurada no concurso de cosplay.<\/p>\n\n\n\n<figure class=\"wp-block-image\"><img decoding=\"async\" src=\"https:\/\/imagineland.com.br\/wp-content\/uploads\/2024\/04\/programacao-vincent-martella.png\" alt=\"\" class=\"wp-image-5023\"\/><\/figure>\n\n\n\n<h3 class=\"wp-block-heading\">Vincent Martella<\/h3>\n\n\n\n<p>O Brasil pediu, a gente conseguiu! O Greg de &#8216;Todo mundo odeia o Chris&#8221; vir\u00e1 pela primeira vez ao Brasil encontrar os f\u00e3s e far\u00e1 um super painel sobre sua carreira, al\u00e9m de fazer fotos e aut\u00f3grafos com os f\u00e3s. Adquira o seu agora.<\/p>\n\n\n\n<figure class=\"wp-block-image\"><img decoding=\"async\" src=\"https:\/\/imagineland.com.br\/wp-content\/uploads\/2024\/04\/programacao-michael-cudlitz.png\" alt=\"\" class=\"wp-image-4581\"\/><\/figure>\n\n\n\n<h3 class=\"wp-block-heading\">Michael Cudlitz<\/h3>\n\n\n\n<p>O novo Lex Luthor ter\u00e1 um super painel no Centerplex Pedra do Reino, far\u00e1 entrevistas nos est\u00fadios oficiais do evento e, claro, sess\u00e3o de fotos e aut\u00f3grafos com os f\u00e3s. (Adquira agora)<\/p>\n\n\n\n<figure class=\"wp-block-image\"><img decoding=\"async\" src=\"https:\/\/imagineland.com.br\/wp-content\/uploads\/2024\/04\/programacao-carlos-saldanha.png\" alt=\"\" class=\"wp-image-4594\"\/><\/figure>\n\n\n\n<h3 class=\"wp-block-heading\">Carlos Saldanha<\/h3>\n\n\n\n<p>Nosso homenageado do ano ter\u00e1 um painel no Centerplex Pedra do Reino e dar\u00e1 entrevistas nos est\u00fadios oficiais do evento.<\/p>\n\n\n\n<figure class=\"wp-block-image\"><img decoding=\"async\" src=\"https:\/\/imagineland.com.br\/wp-content\/uploads\/2024\/04\/programacao-wendel-bezerra.png\" alt=\"\" class=\"wp-image-4595\"\/><\/figure>\n\n\n\n<h3 class=\"wp-block-heading\">Wendel Bezerra<\/h3>\n\n\n\n<p>\u201cOi, eu sou o Goku!\u201d Vai rolar um painel irado com o Wendel, al\u00e9m de presen\u00e7a nos est\u00fadios oficiais do evento.<\/p>\n\n\n\n<figure class=\"wp-block-image\"><img decoding=\"async\" src=\"https:\/\/imagineland.com.br\/wp-content\/uploads\/2024\/04\/programacao-maid-of-might.png\" alt=\"\" class=\"wp-image-4596\"\/><\/figure>\n\n\n\n<h3 class=\"wp-block-heading\">Jessica | Maid of might Cosplay<\/h3>\n\n\n\n<p>Esta maravilhosa estar\u00e1 desfilando pelo evento e tamb\u00e9m far\u00e1 um meet &amp; greet com os Cosplayers presentes.<\/p>\n\n\n\n<figure class=\"wp-block-image\"><img decoding=\"async\" src=\"https:\/\/imagineland.com.br\/wp-content\/uploads\/2024\/04\/programacao-cassandra-ariel.png\" alt=\"\" class=\"wp-image-4597\"\/><\/figure>\n\n\n\n<h3 class=\"wp-block-heading\">Cassandra<\/h3>\n\n\n\n<p>Jurada internacional do concurso Cosplay, a Cassandra tamb\u00e9m far\u00e1 um meet &amp; greet com o p\u00fablico.<\/p>\n\n\n\n<figure class=\"wp-block-image\"><img decoding=\"async\" src=\"https:\/\/imagineland.com.br\/wp-content\/uploads\/2024\/04\/programacao-rogerio-vilela.png\" alt=\"\" class=\"wp-image-4598\"\/><\/figure>\n\n\n\n<h3 class=\"wp-block-heading\">Rog\u00e9rio Vilela<\/h3>\n\n\n\n<p>O Intelig\u00eancia LTDA ser\u00e1 o podcast oficial do evento e estar\u00e1 com uma super estrutura durante o Imagineland. Demais, n\u00e9?<\/p>\n\n\n\n<figure class=\"wp-block-image\"><img decoding=\"async\" src=\"https:\/\/imagineland.com.br\/wp-content\/uploads\/2024\/04\/programacao-diana-zambrozuski.png\" alt=\"\" class=\"wp-image-4599\"\/><\/figure>\n\n\n\n<h3 class=\"wp-block-heading\">Diana Zambrozuski<\/h3>\n\n\n\n<p>A musa do LoLzinho estar\u00e1 comandando os 3 dias de campeonato na Arena Gamer, que ser\u00e1 insana!<\/p>\n\n\n\n<figure class=\"wp-block-image\"><img decoding=\"async\" src=\"https:\/\/imagineland.com.br\/wp-content\/uploads\/2024\/04\/programacao-peter-jordan.png\" alt=\"\" class=\"wp-image-4600\"\/><\/figure>\n\n\n\n<h3 class=\"wp-block-heading\">Peter Jordan<\/h3>\n\n\n\n<p>Nosso boss \u00e9 presen\u00e7a confirmada nos 3 dias de Imagineland, n\u00e3o podia ser diferente, n\u00e9? Iha!<\/p>\n\n\n\n<figure class=\"wp-block-image\"><img decoding=\"async\" src=\"https:\/\/imagineland.com.br\/wp-content\/uploads\/2024\/04\/programacao-breno-jordan.png\" alt=\"\" class=\"wp-image-4601\"\/><\/figure>\n\n\n\n<h3 class=\"wp-block-heading\">Breno Jordan<\/h3>\n\n\n\n<p>O filho do Ei Nerd, nosso querido Breno, estar\u00e1 comandando o est\u00fadio do Ei Nerd no evento.<\/p>\n\n\n\n<figure class=\"wp-block-image\"><img decoding=\"async\" src=\"https:\/\/imagineland.com.br\/wp-content\/uploads\/2024\/04\/programacao-voice-makers.png\" alt=\"\" class=\"wp-image-4602\"\/><\/figure>\n\n\n\n<h3 class=\"wp-block-heading\">Voice Makers<\/h3>\n\n\n\n<p>Um dos maiores canais de dublagem do pa\u00eds estar\u00e1 presente fazendo a exibi\u00e7\u00e3o de um epis\u00f3dio in\u00e9dito da anima\u00e7\u00e3o Collision.<\/p>\n\n\n\n<figure class=\"wp-block-image\"><img decoding=\"async\" src=\"https:\/\/imagineland.com.br\/wp-content\/uploads\/2024\/04\/programacao-pipoca-nanquim.png\" alt=\"\" class=\"wp-image-4603\"\/><\/figure>\n\n\n\n<h3 class=\"wp-block-heading\">Pipoca &amp; Nanquim<\/h3>\n\n\n\n<p>Ter\u00e1 lan\u00e7amento de quadrinho novo, al\u00e9m de pain\u00e9is e fotos com os comic lovers!<\/p>\n\n\n\n<figure class=\"wp-block-image\"><img decoding=\"async\" src=\"https:\/\/imagineland.com.br\/wp-content\/uploads\/2024\/04\/programacao-carlos-ruas.png\" alt=\"\" class=\"wp-image-4604\"\/><\/figure>\n\n\n\n<h3 class=\"wp-block-heading\">Carlos Ruas<\/h3>\n\n\n\n<p>O deus estar\u00e1 no nosso Artists\u2019 Alley durante os tr\u00eas dias de evento autografando e tirando fotos com os f\u00e3s!<\/p>\n\n\n\n<figure class=\"wp-block-image\"><img decoding=\"async\" src=\"https:\/\/imagineland.com.br\/wp-content\/uploads\/2024\/04\/programacao-bidu-balloon.png\" alt=\"\" class=\"wp-image-4605\"\/><\/figure>\n\n\n\n<h3 class=\"wp-block-heading\">Bidu Balloon<\/h3>\n\n\n\n<p>Uma super experi\u00eancia pra voc\u00eas durante o Imagineland. Mas as vagas ser\u00e3o super limitadas, hein?<\/p>\n\n\n\n<h3 class=\"wp-block-heading\">Dia 03 &#8211; S\u00e1bado, 27\/07<\/h3>\n\n\n\n<p>O segundo dia do evento segue com atividades similares, incluindo pain\u00e9is com Carlos Villagr\u00e1n, o eterno Quico do seriado &#8220;Chaves&#8221;, e repeti\u00e7\u00f5es das sess\u00f5es de aut\u00f3grafos com Martella e Cudlitz. O dia tamb\u00e9m inclui performances de cosplay e a continua\u00e7\u00e3o dos campeonatos na Arena Gamer liderados por Diana Zambrozuski.<\/p>\n\n\n\n<figure class=\"wp-block-image\"><img decoding=\"async\" src=\"https:\/\/imagineland.com.br\/wp-content\/uploads\/2024\/04\/programacao-vincent-martella.png\" alt=\"\" class=\"wp-image-5023\"\/><\/figure>\n\n\n\n<h3 class=\"wp-block-heading\">Vincent Martella<\/h3>\n\n\n\n<p>O Greg de &#8216;Todo mundo odeia o Chris&#8221; tamb\u00e9m estar\u00e1 conosco no s\u00e1bado participando dos podcasts oficiais e fazendo fotos e aut\u00f3grafos com os f\u00e3s. Adquira o seu agora.<\/p>\n\n\n\n<figure class=\"wp-block-image\"><img decoding=\"async\" src=\"https:\/\/imagineland.com.br\/wp-content\/uploads\/2024\/04\/programacao-carlos-villagran.png\" alt=\"\" class=\"wp-image-4612\"\/><\/figure>\n\n\n\n<h3 class=\"wp-block-heading\">Carlos Villagr\u00e1n<\/h3>\n\n\n\n<p>Nosso querido &#8220;Quico&#8221; estar\u00e1 num super painel no Centerplex Pedra do Reino contando tudo sobre sua carreira. Al\u00e9m disso, tamb\u00e9m far\u00e1 fotos com os f\u00e3s. Adquira a sua clicando aqui.<\/p>\n\n\n\n<figure class=\"wp-block-image\"><img decoding=\"async\" src=\"https:\/\/imagineland.com.br\/wp-content\/uploads\/2024\/04\/programacao-michael-cudlitz.png\" alt=\"\" class=\"wp-image-4581\"\/><\/figure>\n\n\n\n<h3 class=\"wp-block-heading\">Michael Cudlitz<\/h3>\n\n\n\n<p>O Abraham de The Walking Dead ter\u00e1 um painel super no Centerplex Pedra do Reino, far\u00e1 entrevistas nos est\u00fadios oficiais do evento e, claro, sess\u00e3o de fotos e aut\u00f3grafos com os f\u00e3s. (Adquira agora)<\/p>\n\n\n\n<figure class=\"wp-block-image\"><img decoding=\"async\" src=\"https:\/\/imagineland.com.br\/wp-content\/uploads\/2024\/04\/programacao-wendel-bezerra.png\" alt=\"\" class=\"wp-image-4595\"\/><\/figure>\n\n\n\n<h3 class=\"wp-block-heading\">Wendel Bezerra<\/h3>\n\n\n\n<p>Bob esponja cal\u00e7a quadrada! Vai rolar um painel irado com o Wendel, al\u00e9m de presen\u00e7a nos est\u00fadios oficiais do evento.<\/p>\n\n\n\n<figure class=\"wp-block-image\"><img decoding=\"async\" src=\"https:\/\/imagineland.com.br\/wp-content\/uploads\/2024\/04\/programacao-maid-of-might.png\" alt=\"\" class=\"wp-image-4596\"\/><\/figure>\n\n\n\n<h3 class=\"wp-block-heading\">Jessica | Maid of might Cosplay<\/h3>\n\n\n\n<p>Esta maravilhosa estar\u00e1 desfilando pelo evento e tamb\u00e9m far\u00e1 um meet &amp; greet com os Cosplayers presentes.<\/p>\n\n\n\n<figure class=\"wp-block-image\"><img decoding=\"async\" src=\"https:\/\/imagineland.com.br\/wp-content\/uploads\/2024\/04\/programacao-cassandra-ariel.png\" alt=\"\" class=\"wp-image-4597\"\/><\/figure>\n\n\n\n<h3 class=\"wp-block-heading\">Cassandra<\/h3>\n\n\n\n<p>Jurada internacional do concurso Cosplay, a Cassandra tamb\u00e9m far\u00e1 um meet &amp; greet com o p\u00fablico.<\/p>\n\n\n\n<figure class=\"wp-block-image\"><img decoding=\"async\" src=\"https:\/\/imagineland.com.br\/wp-content\/uploads\/2024\/04\/programacao-rogerio-vilela.png\" alt=\"\" class=\"wp-image-4598\"\/><\/figure>\n\n\n\n<h3 class=\"wp-block-heading\">Rog\u00e9rio Vilela<\/h3>\n\n\n\n<p>Podcast oficial do Imagineland. Demais!<\/p>\n\n\n\n<figure class=\"wp-block-image\"><img decoding=\"async\" src=\"https:\/\/imagineland.com.br\/wp-content\/uploads\/2024\/04\/programacao-diana-zambrozuski.png\" alt=\"\" class=\"wp-image-4599\"\/><\/figure>\n\n\n\n<h3 class=\"wp-block-heading\">Diana Zambrozuski<\/h3>\n\n\n\n<p>A dona da Arena Gamer e do nosso cora\u00e7\u00e3o estar\u00e1 presente nos tr\u00eas dias de evento.<\/p>\n\n\n\n<figure class=\"wp-block-image\"><img decoding=\"async\" src=\"https:\/\/imagineland.com.br\/wp-content\/uploads\/2024\/04\/programacao-peter-jordan.png\" alt=\"\" class=\"wp-image-4600\"\/><\/figure>\n\n\n\n<h3 class=\"wp-block-heading\">Peter Jordan<\/h3>\n\n\n\n<p>Nosso boss estar\u00e1 em todas!<\/p>\n\n\n\n<figure class=\"wp-block-image\"><img decoding=\"async\" src=\"https:\/\/imagineland.com.br\/wp-content\/uploads\/2024\/04\/programacao-breno-jordan.png\" alt=\"\" class=\"wp-image-4601\"\/><\/figure>\n\n\n\n<h3 class=\"wp-block-heading\">Breno Jordan<\/h3>\n\n\n\n<p>Comandando o est\u00fadio do Ei Nerd.<\/p>\n\n\n\n<figure class=\"wp-block-image\"><img decoding=\"async\" src=\"https:\/\/imagineland.com.br\/wp-content\/uploads\/2024\/04\/programacao-bidu-balloon.png\" alt=\"\" class=\"wp-image-4605\"\/><\/figure>\n\n\n\n<h3 class=\"wp-block-heading\">Bidu Balloon<\/h3>\n\n\n\n<p>Uma super experi\u00eancia e lembrando: vagas super limitadas!<\/p>\n\n\n\n<figure class=\"wp-block-image\"><img decoding=\"async\" src=\"https:\/\/imagineland.com.br\/wp-content\/uploads\/2024\/04\/programacao-pipoca-nanquim.png\" alt=\"\" class=\"wp-image-4603\"\/><\/figure>\n\n\n\n<h3 class=\"wp-block-heading\">Pipoca &amp; Nanquim<\/h3>\n\n\n\n<p>Lan\u00e7amento de quadrinho novo, al\u00e9m de pain\u00e9is e fotos com a galera!<\/p>\n\n\n\n<figure class=\"wp-block-image\"><img decoding=\"async\" src=\"https:\/\/imagineland.com.br\/wp-content\/uploads\/2024\/04\/programacao-carlos-ruas.png\" alt=\"\" class=\"wp-image-4604\"\/><\/figure>\n\n\n\n<h3 class=\"wp-block-heading\">Carlos Ruas<\/h3>\n\n\n\n<p>O deus estar\u00e1 no nosso Artists\u2019 Alley durante os tr\u00eas dias de evento autografando e tirando fotos com os f\u00e3s!<\/p>\n\n\n\n<h3 class=\"wp-block-heading\">Dia 04 &#8211; Domingo, 28\/07<\/h3>\n\n\n\n<p>O \u00faltimo dia do Imagineland introduz Guilherme Briggs, conhecido pela dublagem de personagens ic\u00f4nicos como Superman. Vyni Takahashi, outro dublador renomado, se juntar\u00e1 \u00e0s festividades com um painel pr\u00f3prio. Os participantes poder\u00e3o ainda desfrutar das finais dos torneios de eSports e outras atividades interativas dispon\u00edveis.<\/p>\n\n\n\n<p>Cada dia no Imagineland \u00e9 desenhado n\u00e3o apenas para entreter mas para engajar os f\u00e3s em uma variedade de formatos, seja atrav\u00e9s de pain\u00e9is, sess\u00f5es de aut\u00f3grafos, ou competi\u00e7\u00f5es interativas. Este evento busca consolidar Jo\u00e3o Pessoa como um destino significativo para os entusiastas da cultura pop global, oferecendo uma plataforma onde f\u00e3s podem se conectar com seus \u00eddolos e com outros entusiastas que compartilham de suas paix\u00f5es.<\/p>\n\n\n\n<figure class=\"wp-block-image\"><img decoding=\"async\" src=\"https:\/\/imagineland.com.br\/wp-content\/uploads\/2024\/04\/programacao-vincent-martella.png\" alt=\"\" class=\"wp-image-5023\"\/><\/figure>\n\n\n\n<h3 class=\"wp-block-heading\">Vincent Martella<\/h3>\n\n\n\n<p>O Greg de &#8216;Todo mundo odeia o Chris&#8221; tamb\u00e9m estar\u00e1 conosco no domingo participando dos podcasts oficiais e fazendo fotos e aut\u00f3grafos com os f\u00e3s. Adquira o seu agora.<\/p>\n\n\n\n<figure class=\"wp-block-image\"><img decoding=\"async\" src=\"https:\/\/imagineland.com.br\/wp-content\/uploads\/2024\/04\/programacao-carlos-villagran.png\" alt=\"\" class=\"wp-image-4612\"\/><\/figure>\n\n\n\n<h3 class=\"wp-block-heading\">Carlos Villagr\u00e1n<\/h3>\n\n\n\n<p>Nosso eterno &#8220;Quico&#8221; estar\u00e1 presente no evento e far\u00e1 fotos com os f\u00e3s. Adquira a sua clicando aqui.<\/p>\n\n\n\n<figure class=\"wp-block-image\"><img decoding=\"async\" src=\"https:\/\/imagineland.com.br\/wp-content\/uploads\/2024\/04\/programacao-guilherme-briggs.png\" alt=\"\" class=\"wp-image-4615\"\/><\/figure>\n\n\n\n<h3 class=\"wp-block-heading\">Guilherme Briggs<\/h3>\n\n\n\n<p>A voz do Superman far\u00e1 um painel no Teatro Pedra do Reino e, claro, vai tirar muitas fotos com os f\u00e3s.<\/p>\n\n\n\n<figure class=\"wp-block-image\"><img decoding=\"async\" src=\"https:\/\/imagineland.com.br\/wp-content\/uploads\/2024\/04\/programacao-vyni-takahashi.png\" alt=\"\" class=\"wp-image-4616\"\/><\/figure>\n\n\n\n<h3 class=\"wp-block-heading\">Vyni Takahashi<\/h3>\n\n\n\n<p>A voz do Luffy de One Piece estar\u00e1 presente no evento batendo um super papo e fazendo os melhores cliques com os f\u00e3s!<\/p>\n\n\n\n<figure class=\"wp-block-image\"><img decoding=\"async\" src=\"https:\/\/imagineland.com.br\/wp-content\/uploads\/2024\/04\/programacao-maid-of-might.png\" alt=\"\" class=\"wp-image-4596\"\/><\/figure>\n\n\n\n<h3 class=\"wp-block-heading\">Jessica | Maid of might Cosplay<\/h3>\n\n\n\n<p>Esta maravilhosa estar\u00e1 desfilando pelo evento e tamb\u00e9m far\u00e1 um meet &amp; greet com os Cosplayers presentes.<\/p>\n\n\n\n<figure class=\"wp-block-image\"><img decoding=\"async\" src=\"https:\/\/imagineland.com.br\/wp-content\/uploads\/2024\/04\/programacao-cassandra-ariel.png\" alt=\"\" class=\"wp-image-4597\"\/><\/figure>\n\n\n\n<h3 class=\"wp-block-heading\">Cassandra<\/h3>\n\n\n\n<p>Jurada internacional do concurso Cosplay, a Cassandra tamb\u00e9m far\u00e1 um meet &amp; greet com o p\u00fablico.<\/p>\n\n\n\n<figure class=\"wp-block-image\"><img decoding=\"async\" src=\"https:\/\/imagineland.com.br\/wp-content\/uploads\/2024\/04\/programacao-rogerio-vilela.png\" alt=\"\" class=\"wp-image-4598\"\/><\/figure>\n\n\n\n<h3 class=\"wp-block-heading\">Rog\u00e9rio Vilela<\/h3>\n\n\n\n<p>Podcast oficial do Imagineland. Uhu!<\/p>\n\n\n\n<figure class=\"wp-block-image\"><img decoding=\"async\" src=\"https:\/\/imagineland.com.br\/wp-content\/uploads\/2024\/04\/programacao-diana-zambrozuski.png\" alt=\"\" class=\"wp-image-4599\"\/><\/figure>\n\n\n\n<h3 class=\"wp-block-heading\">Diana Zambrozuski<\/h3>\n\n\n\n<p>A dona da Arena Gamer e do nosso cora\u00e7\u00e3o vai comandar as finais da Imagineleague!<\/p>\n\n\n\n<figure class=\"wp-block-image\"><img decoding=\"async\" src=\"https:\/\/imagineland.com.br\/wp-content\/uploads\/2024\/04\/programacao-peter-jordan.png\" alt=\"\" class=\"wp-image-4600\"\/><\/figure>\n\n\n\n<h3 class=\"wp-block-heading\">Peter Jordan<\/h3>\n\n\n\n<p>Nosso boss estar\u00e1 em todas!<\/p>\n\n\n\n<figure class=\"wp-block-image\"><img decoding=\"async\" src=\"https:\/\/imagineland.com.br\/wp-content\/uploads\/2024\/04\/programacao-breno-jordan.png\" alt=\"\" class=\"wp-image-4601\"\/><\/figure>\n\n\n\n<h3 class=\"wp-block-heading\">Breno Jordan<\/h3>\n\n\n\n<p>Comandando o est\u00fadio do Ei Nerd.<\/p>\n\n\n\n<figure class=\"wp-block-image\"><img decoding=\"async\" src=\"https:\/\/imagineland.com.br\/wp-content\/uploads\/2024\/04\/programacao-bidu-balloon.png\" alt=\"\" class=\"wp-image-4605\"\/><\/figure>\n\n\n\n<h3 class=\"wp-block-heading\">Bidu Balloon<\/h3>\n\n\n\n<p>Uma super experi\u00eancia e lembrando: vagas super ultra mega limitadas!<\/p>\n\n\n\n<figure class=\"wp-block-image\"><img decoding=\"async\" src=\"https:\/\/imagineland.com.br\/wp-content\/uploads\/2024\/04\/programacao-pipoca-nanquim.png\" alt=\"\" class=\"wp-image-4603\"\/><\/figure>\n\n\n\n<h3 class=\"wp-block-heading\">Pipoca &amp; Nanquim<\/h3>\n\n\n\n<p>Ter\u00e1 lan\u00e7amento de quadrinho novo, al\u00e9m de pain\u00e9is e fotos com a galera!<\/p>\n\n\n\n<figure class=\"wp-block-image\"><img decoding=\"async\" src=\"https:\/\/imagineland.com.br\/wp-content\/uploads\/2024\/04\/programacao-carlos-ruas.png\" alt=\"\" class=\"wp-image-4604\"\/><\/figure>\n\n\n\n<h3 class=\"wp-block-heading\">Carlos Ruas<\/h3>\n\n\n\n<p>O deus estar\u00e1 no nosso Artists\u2019 Alley durante os tr\u00eas dias de evento autografando e tirando fotos com os f\u00e3s!<\/p>\n","protected":false},"excerpt":{"rendered":"<p>O Imagineland \u00e9 um evento inovador de cultura pop e tecnologia que teve a sua primeira edi\u00e7\u00e3o no ano de&hellip;<\/p>\n","protected":false},"author":1,"featured_media":33961,"comment_status":"closed","ping_status":"closed","sticky":false,"template":"","format":"standard","meta":{"fifu_image_url":"","fifu_image_alt":"","footnotes":""},"categories":[7,24,23,788,443,19,17],"tags":[],"class_list":["post-33954","post","type-post","status-publish","format-standard","has-post-thumbnail","hentry","category-animes-e-desenhos","category-artigos-e-curiosidades","category-destaques","category-filmes-series-e-tv","category-games","category-livros-e-quadrinhos","category-tech"],"_links":{"self":[{"href":"https:\/\/revolutionarena.com\/pt-br\/wp-json\/wp\/v2\/posts\/33954","targetHints":{"allow":["GET"]}}],"collection":[{"href":"https:\/\/revolutionarena.com\/pt-br\/wp-json\/wp\/v2\/posts"}],"about":[{"href":"https:\/\/revolutionarena.com\/pt-br\/wp-json\/wp\/v2\/types\/post"}],"author":[{"embeddable":true,"href":"https:\/\/revolutionarena.com\/pt-br\/wp-json\/wp\/v2\/users\/1"}],"replies":[{"embeddable":true,"href":"https:\/\/revolutionarena.com\/pt-br\/wp-json\/wp\/v2\/comments?post=33954"}],"version-history":[{"count":6,"href":"https:\/\/revolutionarena.com\/pt-br\/wp-json\/wp\/v2\/posts\/33954\/revisions"}],"predecessor-version":[{"id":33960,"href":"https:\/\/revolutionarena.com\/pt-br\/wp-json\/wp\/v2\/posts\/33954\/revisions\/33960"}],"wp:featuredmedia":[{"embeddable":true,"href":"https:\/\/revolutionarena.com\/pt-br\/wp-json\/wp\/v2\/media\/33961"}],"wp:attachment":[{"href":"https:\/\/revolutionarena.com\/pt-br\/wp-json\/wp\/v2\/media?parent=33954"}],"wp:term":[{"taxonomy":"category","embeddable":true,"href":"https:\/\/revolutionarena.com\/pt-br\/wp-json\/wp\/v2\/categories?post=33954"},{"taxonomy":"post_tag","embeddable":true,"href":"https:\/\/revolutionarena.com\/pt-br\/wp-json\/wp\/v2\/tags?post=33954"}],"curies":[{"name":"wp","href":"https:\/\/api.w.org\/{rel}","templated":true}]}}