{"id":36035,"date":"2024-08-29T21:30:00","date_gmt":"2024-08-30T00:30:00","guid":{"rendered":"https:\/\/revolutionarena.com\/pt-br\/?p=36035"},"modified":"2024-09-07T23:49:01","modified_gmt":"2024-09-08T02:49:01","slug":"ps5-pro-suposto-vazamento-revela-design","status":"publish","type":"post","link":"https:\/\/revolutionarena.com\/pt-br\/ps5-pro-suposto-vazamento-revela-design\/","title":{"rendered":"PS5 PRO: Suposto vazamento revela design"},"content":{"rendered":"\n<p>Ol\u00e1 pessoal! Como sabemos, a <strong>Sony<\/strong> tem uma tradi\u00e7\u00e3o de lan\u00e7ar v\u00e1rias vers\u00f5es de seus consoles em cada nova gera\u00e7\u00e3o, abrangendo desde modelos compactos at\u00e9 os mais potentes. Embora a empresa ainda n\u00e3o tenha anunciado oficialmente o <strong>PS5 Pro<\/strong>, os ind\u00edcios de que a revela\u00e7\u00e3o est\u00e1 pr\u00f3xima s\u00e3o fortes. <\/p>\n\n\n\n<p>Nos \u00faltimos meses, diversos rumores surgiram, e agora, o insider franc\u00eas Billbil-kun, conhecido por sua credibilidade no setor de games, sugere que o an\u00fancio do PS5 Pro acontecer\u00e1 &#8220;muito em breve&#8221;, possivelmente j\u00e1 na primeira quinzena de setembro.<\/p>\n\n\n\n<p>Em uma publica\u00e7\u00e3o no Dealabs, Billbil-kun tamb\u00e9m mencionou que teve acesso ao design da embalagem do PS5 Pro. Contudo, devido a poss\u00edveis quest\u00f5es de direitos autorais, ele n\u00e3o p\u00f4de divulgar imagens, mas fez um esbo\u00e7o para dar uma boa ideia de como poder\u00e1 ser o novo console da Sony. Veja abaixo:<\/p>\n\n\n<div class=\"wp-block-image\">\n<figure class=\"aligncenter size-large\"><img decoding=\"async\" src=\"https:\/\/www.adrenaline.com.br\/wp-content\/uploads\/2024\/08\/possivel-design-ps5-pro-912x569.jpg\" alt=\"\"\/><\/figure>\n<\/div>\n\n\n<p>Jeff Grubb, outro insider bastante respeitado na ind\u00fastria de games, comentou recentemente em seu podcast que a Sony deve realizar um State of Play &#8220;at\u00e9 o final de setembro.&#8221; Al\u00e9m disso, ele mencionou que a empresa pretende lan\u00e7ar o novo console ainda em 2024, a tempo para as festas de fim de ano. Essas informa\u00e7\u00f5es refor\u00e7am o que Billbil-kun j\u00e1 havia sugerido sobre uma poss\u00edvel revela\u00e7\u00e3o do PS5 Pro no pr\u00f3ximo m\u00eas.<\/p>\n\n\n\n<p>No entanto, nada est\u00e1 confirmado oficialmente pela Sony. O que \u00e9 esperado \u00e9 que algo seja informado de forma oficial nos pr\u00f3ximos meses!<\/p>\n","protected":false},"excerpt":{"rendered":"<p>Ol\u00e1 pessoal! Como sabemos, a Sony tem uma tradi\u00e7\u00e3o de lan\u00e7ar v\u00e1rias vers\u00f5es de seus consoles em cada nova gera\u00e7\u00e3o,&hellip;<\/p>\n","protected":false},"author":12,"featured_media":36062,"comment_status":"closed","ping_status":"closed","sticky":false,"template":"","format":"standard","meta":{"fifu_image_url":"https:\/\/www.adrenaline.com.br\/wp-content\/uploads\/2024\/08\/possivel-design-ps5-pro-912x569.jpg","fifu_image_alt":"","footnotes":""},"categories":[443,4,13],"tags":[50,72,994,184],"class_list":["post-36035","post","type-post","status-publish","format-standard","has-post-thumbnail","hentry","category-games","category-noticias","category-playstation","tag-playstation","tag-ps5","tag-ps5pro","tag-sony"],"_links":{"self":[{"href":"https:\/\/revolutionarena.com\/pt-br\/wp-json\/wp\/v2\/posts\/36035","targetHints":{"allow":["GET"]}}],"collection":[{"href":"https:\/\/revolutionarena.com\/pt-br\/wp-json\/wp\/v2\/posts"}],"about":[{"href":"https:\/\/revolutionarena.com\/pt-br\/wp-json\/wp\/v2\/types\/post"}],"author":[{"embeddable":true,"href":"https:\/\/revolutionarena.com\/pt-br\/wp-json\/wp\/v2\/users\/12"}],"replies":[{"embeddable":true,"href":"https:\/\/revolutionarena.com\/pt-br\/wp-json\/wp\/v2\/comments?post=36035"}],"version-history":[{"count":2,"href":"https:\/\/revolutionarena.com\/pt-br\/wp-json\/wp\/v2\/posts\/36035\/revisions"}],"predecessor-version":[{"id":36061,"href":"https:\/\/revolutionarena.com\/pt-br\/wp-json\/wp\/v2\/posts\/36035\/revisions\/36061"}],"wp:featuredmedia":[{"embeddable":true,"href":"https:\/\/revolutionarena.com\/pt-br\/wp-json\/wp\/v2\/media\/36062"}],"wp:attachment":[{"href":"https:\/\/revolutionarena.com\/pt-br\/wp-json\/wp\/v2\/media?parent=36035"}],"wp:term":[{"taxonomy":"category","embeddable":true,"href":"https:\/\/revolutionarena.com\/pt-br\/wp-json\/wp\/v2\/categories?post=36035"},{"taxonomy":"post_tag","embeddable":true,"href":"https:\/\/revolutionarena.com\/pt-br\/wp-json\/wp\/v2\/tags?post=36035"}],"curies":[{"name":"wp","href":"https:\/\/api.w.org\/{rel}","templated":true}]}}