{"id":52,"date":"2022-10-21T18:52:00","date_gmt":"2022-10-21T21:52:00","guid":{"rendered":"https:\/\/revolutionarena.com\/pt-br\/?p=52"},"modified":"2024-01-03T22:29:39","modified_gmt":"2024-01-04T01:29:39","slug":"entrevista-sobre-a-bgs-um-evento-inclusivo-e-uma-jornada-em-busca-da-acessibilidade","status":"publish","type":"post","link":"https:\/\/revolutionarena.com\/pt-br\/entrevista-sobre-a-bgs-um-evento-inclusivo-e-uma-jornada-em-busca-da-acessibilidade\/","title":{"rendered":"ENTREVISTA sobre a BGS \u2013 Um Evento Inclusivo e Uma Jornada em Busca da Acessibilidade"},"content":{"rendered":"\n<p>O n\u00famero de jogos que trazem ferramentas de acessibilidade para incluir jogadores com os mais variados tipos de defici\u00eancia tem aumentado com o passar dos anos. Um bom exemplo de jogo que oferece uma grande diversidade de fun\u00e7\u00f5es acess\u00edveis \u00e9&nbsp;<strong>The Last Of Us 2<\/strong>.<\/p>\n\n\n\n<p>Em um mundo como o nosso, bastante diversificado, com pessoas dos mais variados tipos, com suas necessidades, tornar a experi\u00eancia inclusiva \u00e9 um dever de todos. No entanto, isso n\u00e3o pode se restringir apenas aos games e, a&nbsp;<strong>Brasil Game Show<\/strong>, sabe bem disso.<\/p>\n\n\n\n<p>Podemos encontrar diversos tipos de eventos de jogos espalhados pelo mundo, mas ser\u00e1 que todos est\u00e3o preparados para lidar com as necessidades dos seus consumidores e expositores? Bom, por isso decidimos trazer uma mat\u00e9ria para tratar especialmente sobre esse assunto na&nbsp;<strong>Brasil Game Show<\/strong>&nbsp;de 2022.<\/p>\n\n\n\n<p>Logo ao chegar, reparamos que havia diversas pessoas deficientes participando do evento, seja trabalhando ou para se divertir e explorar tudo que a&nbsp;<strong>BGS&nbsp;<\/strong>trouxe para todos n\u00f3s.&nbsp;<strong>Eu&nbsp;<\/strong>e o&nbsp;<strong>Allan Lima<\/strong>&nbsp;conversamos com algumas pessoas que estavam trabalhando para entender mais de como estava sendo a experi\u00eancia para eles, j\u00e1 que n\u00e3o \u00e9 todo evento que oferece acessibilidade em seus estandes e seu espa\u00e7o de modo geral.<\/p>\n\n\n\n<p>Entrevistamos a promotora de eventos&nbsp;<strong>Dayane Lima<\/strong>, um dos principais rostos que v\u00edamos ao chegar na&nbsp;<strong>Brasil Game Show<\/strong>, recepcionando os f\u00e3s que vieram dos mais variados lugares do pa\u00eds para prestigiar o evento tamb\u00e9m.<\/p>\n\n\n\n<p><strong>Fico muito feliz em ver que o evento parece estar bastante receptivo em quest\u00e3o da acessibilidade<\/strong>,&nbsp;<strong>pois sinto falta de ver isso em outros lugares.<\/strong>&nbsp;<strong>Como que est\u00e1 sendo o evento para voc\u00ea e de estar trabalhando aqui?<\/strong><\/p>\n\n\n\n<p><em>Dayane:&nbsp;<\/em>Eu j\u00e1 sou promotora de eventos a quatro anos e o que eu achei muito legal da BGS, porque normalmente, nos eventos que eu trabalho, \u00e9 apenas uma pessoa com defici\u00eancia. Tem vinte promotores, mas apenas um \u00e9 deficiente. E, na BGS, em todos os cantos t\u00eam promotores e pessoas com defici\u00eancia trabalhando, ocupando o seu lugar na sociedade, como trabalhador. J\u00e1 que, normalmente, a sociedade n\u00e3o v\u00ea. Acham que pessoas com defici\u00eancias n\u00e3o trabalham e n\u00e3o fazem nada. A quest\u00e3o da acessibilidade, de modo geral, tanto do evento quanto dos estandes e da Expo Center Norte (local onde ocorreu o evento), eu consigo acessar a todos os lugares, acessar todos os espa\u00e7os e ter autonomia e liberdade. N\u00e3o tem aquele lance de precisar de algu\u00e9m para ir ao banheiro ou coisas do tipo. Est\u00e1 muito inclusivo, atingindo todas as pessoas e muito abrangente de uma forma geral.<\/p>\n\n\n\n<p><strong>A Brasil Game Show d\u00e1 espa\u00e7o para diversas pessoas com defici\u00eancia poder trabalhar. Como foi o tratamento para que voc\u00eas conseguissem esse espa\u00e7o?<\/strong><\/p>\n\n\n\n<p><em>Dayane:<\/em>&nbsp;Eu vim atrav\u00e9s de um contato de uma amiga minha, que j\u00e1 havia trabalhado em outras edi\u00e7\u00f5es da BGS. Ela passou o contato de outras pessoas da organiza\u00e7\u00e3o e eles falaram: \u201cprecisamos de algu\u00e9m para recepcionar, para estar ali e abordar o pessoal\u201d. Eles foram muito cuidadosos em todos os sentidos. Na nossa equipe s\u00e3o dezoito ou vinte cadeirantes e eles tiveram a aten\u00e7\u00e3o com o transporte do evento at\u00e9 o metr\u00f4 mais pr\u00f3ximo, de ida e volta, aten\u00e7\u00e3o com a alimenta\u00e7\u00e3o e, eu, como promotora de evento digo, normalmente, isso n\u00e3o acontece. Nos trataram como pessoas, como realmente somos. Normalmente, as pessoas s\u00f3 veem a cadeira de rodas. Quem chega primeiro \u00e9 a cadeira de rodas e depois a Dayane, e aqui, quem chegou primeiro foi a Dayane e n\u00e3o a cadeira, sabe?<\/p>\n\n\n\n<p><strong>Voc\u00ea que est\u00e1 na recep\u00e7\u00e3o do evento, qual a sua vis\u00e3o a respeito dos deficientes que est\u00e3o vindo conhecer o evento? Voc\u00ea acha que esse p\u00fablico est\u00e1 bem presente por aqui tamb\u00e9m?<\/strong><\/p>\n\n\n\n<p><em>Dayane:<\/em>&nbsp;Eu fiquei surpresa, realmente, com a quantidade de pessoas deficientes est\u00e3o vindo para o evento, para conhecer, para viver a experi\u00eancia da BGS. Um p\u00fablico muito grande, com v\u00e1rios tipos de defici\u00eancias, desde defici\u00eancias vis\u00edveis at\u00e9 invis\u00edveis tamb\u00e9m. De todos os eventos que eu j\u00e1 fiz na vida, eu acho que nunca vi tantas pessoas com defici\u00eancias, n\u00e3o s\u00f3 trabalhando, mas podendo aproveitar essa experi\u00eancia. Pessoas fantasiadas, se divertindo, realmente vivendo essa experi\u00eancia e sendo muito bem acolhido e muito bem recebido.<\/p>\n\n\n\n<p><strong>E para finalizar, voc\u00ea que est\u00e1 recebendo o pessoal, percebe se h\u00e1 algum tipo de preconceito, n\u00e3o por parte do evento em si, mas de pessoas de fora que n\u00e3o aceitam bem, estarem sendo recebidas por deficientes? Gera algum estranhamento para alguns?<\/strong><\/p>\n\n\n\n<p><em>Dayane:<\/em>&nbsp;Infelizmente, sim. A gente vive em um mundo muito capacitista, onde enxergam as pessoas com defici\u00eancia como um inv\u00e1lido e incapaz. A gente est\u00e1 aqui, eu pergunto se posso ajudar e algumas pessoas respondem que n\u00e3o e perguntam para a mo\u00e7a do lado, j\u00e1 que ela n\u00e3o tem defici\u00eancia. Ou, eu passo a informa\u00e7\u00e3o e confirmam com outra pessoa sem defici\u00eancia. Ainda h\u00e1 pessoas que olham e dizem: \u201cVoc\u00ea n\u00e3o, mo\u00e7a. Voc\u00ea, n\u00e3o!\u201d. Ent\u00e3o t\u00e1 bom, n\u00e9. Mas isso n\u00e3o \u00e9 s\u00f3 na BGS. Pessoas com defici\u00eancia sofrem muito preconceito, n\u00e3o s\u00f3 pelo tratamento, mas pela falta de acessibilidade. O capacitismo se demonstra de v\u00e1rias formas. Infelizmente tivemos algumas pessoas do p\u00fablico que se comportaram dessa forma. A gente espera que em um futuro breve, essas pessoas evoluam, fiquem livre desses preconceitos e passem a ver as pessoas por serem quem s\u00e3o e n\u00e3o pela defici\u00eancia. A defici\u00eancia \u00e9 s\u00f3 mais uma caracter\u00edstica minha, assim como a cor do meu batom, a cor do meu cabelo. A Dayane \u00e9 a Dayane, a defici\u00eancia acompanha a Dayane, mas nunca est\u00e1 \u00e0 frente da Dayane.<\/p>\n\n\n<div class=\"wp-block-image\">\n<figure class=\"aligncenter size-full is-resized\"><img loading=\"lazy\" decoding=\"async\" width=\"697\" height=\"477\" src=\"https:\/\/revolutionarena.com\/pt-br\/wp-content\/uploads\/sites\/2\/2024\/01\/ACER-NA-BGS-ENTREVISTA-Um-Evento-Inclusivo-e-Uma-Jornada-em-Busca-da-Acessibilidade-Dayane-lima.jpg\" alt=\"\" class=\"wp-image-53\" style=\"width:697px;height:auto\" srcset=\"https:\/\/revolutionarena.com\/pt-br\/wp-content\/uploads\/sites\/2\/2024\/01\/ACER-NA-BGS-ENTREVISTA-Um-Evento-Inclusivo-e-Uma-Jornada-em-Busca-da-Acessibilidade-Dayane-lima.jpg 697w, https:\/\/revolutionarena.com\/pt-br\/wp-content\/uploads\/sites\/2\/2024\/01\/ACER-NA-BGS-ENTREVISTA-Um-Evento-Inclusivo-e-Uma-Jornada-em-Busca-da-Acessibilidade-Dayane-lima-300x205.jpg 300w\" sizes=\"auto, (max-width: 697px) 100vw, 697px\" \/><\/figure>\n<\/div>\n\n\n<p>Ap\u00f3s entrevistarmos a&nbsp;<strong>Dayane<\/strong>, andamos pela&nbsp;<strong>BGS&nbsp;<\/strong>observando a acessibilidade dos estandes para ver se era poss\u00edvel as pessoas que estivessem ali pudessem, de fato, aproveitar 100% do evento. Um dos primeiros estandes que encontramos pr\u00f3ximo ao local de entrada, era o estande da&nbsp;<strong>Acer<\/strong>.<\/p>\n\n\n\n<p>O estande da Acer estava, visualmente, muito bonito, repleto de computadores para os visitantes jogarem e testarem os produtos, literalmente, com a m\u00e3o e tudo. Assim como a imagem de capa da mat\u00e9ria, o estande da Acer contava com rampas bem vis\u00edveis, contornadas com uma fita em verde fluorescente. Outro ponto bem interessante desse estande, estava relacionado \u00e0 altura das mesas onde os visitantes poderiam jogar. Algumas mesas estavam mais baixas do que o convencional para cadeirantes poderem jogar com maior conforto.<\/p>\n\n\n\n<p>Eu tive a oportunidade de conversar com uma das representantes do estande da Acer e ela disse que estavam muito felizes por poder proporcionar um estande acess\u00edvel. Al\u00e9m da presen\u00e7a de rampas e a redu\u00e7\u00e3o da altura das mesas, havia um elevador para cadeirantes subirem ao palco e participarem do&nbsp;<strong>Meet &amp; Greet<\/strong>&nbsp;que acontecia frequentemente por l\u00e1. Foi uma \u00f3tima oportunidade de entender como estava sendo para o estande ser mais inclusivo.<\/p>\n\n\n<div class=\"wp-block-image\">\n<figure class=\"aligncenter size-full\"><img loading=\"lazy\" decoding=\"async\" width=\"700\" height=\"420\" src=\"https:\/\/revolutionarena.com\/pt-br\/wp-content\/uploads\/sites\/2\/2024\/01\/ACER-NA-BGS-ENTREVISTA-Um-Evento-Inclusivo-e-Uma-Jornada-em-Busca-da-Acessibilidade-Elevador.jpg\" alt=\"\" class=\"wp-image-55\" srcset=\"https:\/\/revolutionarena.com\/pt-br\/wp-content\/uploads\/sites\/2\/2024\/01\/ACER-NA-BGS-ENTREVISTA-Um-Evento-Inclusivo-e-Uma-Jornada-em-Busca-da-Acessibilidade-Elevador.jpg 700w, https:\/\/revolutionarena.com\/pt-br\/wp-content\/uploads\/sites\/2\/2024\/01\/ACER-NA-BGS-ENTREVISTA-Um-Evento-Inclusivo-e-Uma-Jornada-em-Busca-da-Acessibilidade-Elevador-300x180.jpg 300w\" sizes=\"auto, (max-width: 700px) 100vw, 700px\" \/><figcaption class=\"wp-element-caption\">Elevador no estande da Acer.<\/figcaption><\/figure>\n<\/div>\n\n\n<p>Em rela\u00e7\u00e3o a rampas, n\u00e3o vimos nenhum estande que n\u00e3o possu\u00edsse acesso com rampas. Alguns apresentavam mais de uma entrada, j\u00e1 outros, apenas uma. De modo geral, cadeirantes estavam bem amparados por onde passavam.<\/p>\n\n\n\n<p>Um outro estande que vale a pena destacar aqui \u00e9 o da&nbsp;<strong>Nintendo<\/strong>. Eu conversei com a m\u00e3e de um garoto autista e, para a minha surpresa, por mais que ela n\u00e3o entendesse nada do universo dos games, ela estava muito animada com o evento e em como o filho dela estava feliz conversando com o pessoal do estande. Vale lembrar que o estande contava com pessoas sempre a disposi\u00e7\u00e3o para melhor atend\u00ea-los.<\/p>\n\n\n\n<p>Outro ponto bastante relevante no estande da Nintendo \u00e9 a exist\u00eancia de um espa\u00e7o reservado apenas para cadeirantes jogarem. Em todos os lugares que passamos, deficientes, de modo geral, n\u00e3o precisavam enfrentar as grandes filas para aproveitar os jogos e tudo o que tinham para oferecer.<\/p>\n\n\n\n<p>Conversamos com mais pessoas no estande, inclusive, com um jogador em uma cadeira de rodas. No in\u00edcio, ele estava envergonhado de ir jogar e optava por assistir aos outros jogarem. No entanto, em uma ida ao&nbsp;<strong>estande da Playstation<\/strong>, um dos representantes do estante o cativou a jogar, fazendo com que ele se sentisse mais \u00e0 vontade ao explorar todo aquele espa\u00e7o e o mesmo aconteceu no&nbsp;<strong>estande da Nintendo<\/strong>. Ficaram felizes em poder participar como todas as outras pessoas que estavam ali e disseram nunca ter participado de um evento com tanta inclus\u00e3o.<\/p>\n\n\n<div class=\"wp-block-image\">\n<figure class=\"aligncenter size-full\"><img loading=\"lazy\" decoding=\"async\" width=\"700\" height=\"420\" src=\"https:\/\/revolutionarena.com\/pt-br\/wp-content\/uploads\/sites\/2\/2024\/01\/ACER-NA-BGS-ENTREVISTA-Um-Evento-Inclusivo-e-Uma-Jornada-em-Busca-da-Acessibilidade-Cadeira.jpg\" alt=\"\" class=\"wp-image-56\" srcset=\"https:\/\/revolutionarena.com\/pt-br\/wp-content\/uploads\/sites\/2\/2024\/01\/ACER-NA-BGS-ENTREVISTA-Um-Evento-Inclusivo-e-Uma-Jornada-em-Busca-da-Acessibilidade-Cadeira.jpg 700w, https:\/\/revolutionarena.com\/pt-br\/wp-content\/uploads\/sites\/2\/2024\/01\/ACER-NA-BGS-ENTREVISTA-Um-Evento-Inclusivo-e-Uma-Jornada-em-Busca-da-Acessibilidade-Cadeira-300x180.jpg 300w\" sizes=\"auto, (max-width: 700px) 100vw, 700px\" \/><\/figure>\n<\/div>\n\n\n<p>Apesar do principal foco da mat\u00e9ria at\u00e9 agora ter sido direcionado para cadeirantes, n\u00e3o era apenas eles que estavam amparados pelos estandes. Sempre era poss\u00edvel encontrar int\u00e9rpretes de LIBRAS nos estandes e nas entrevistas concedidas pelas celebridades durante o evento. Na entrevista com o diretor e produtor de<strong>&nbsp;Street Fighter 6<\/strong>&nbsp;(para acessar a mat\u00e9ria,&nbsp;<a rel=\"noreferrer noopener\" href=\"https:\/\/revolutionarena.com.br\/2022\/10\/09\/diretor-e-produtor-de-street-fighter-6-respondem-perguntas-dos-fas-na-bgs-2022\/\" target=\"_blank\">clique aqui<\/a>), havia uma tradutora para localiza\u00e7\u00e3o em portugu\u00eas das falas do&nbsp;<strong>Nakayama<\/strong>&nbsp;e do&nbsp;<strong>Matsumoto<\/strong>, mas tamb\u00e9m uma int\u00e9rprete de libras para n\u00e3o deixar ningu\u00e9m de fora. O mesmo vale para o bate-papo com&nbsp;<strong>Takashi Iizuka<\/strong>, diretor criativo de Sonic.<\/p>\n\n\n<div class=\"wp-block-image\">\n<figure class=\"aligncenter size-full\"><img loading=\"lazy\" decoding=\"async\" width=\"700\" height=\"420\" src=\"https:\/\/revolutionarena.com\/pt-br\/wp-content\/uploads\/sites\/2\/2024\/01\/ACER-NA-BGS-ENTREVISTA-Um-Evento-Inclusivo-e-Uma-Jornada-em-Busca-da-Acessibilidade-Evoverse-Tik-Tok.jpg\" alt=\"\" class=\"wp-image-57\" srcset=\"https:\/\/revolutionarena.com\/pt-br\/wp-content\/uploads\/sites\/2\/2024\/01\/ACER-NA-BGS-ENTREVISTA-Um-Evento-Inclusivo-e-Uma-Jornada-em-Busca-da-Acessibilidade-Evoverse-Tik-Tok.jpg 700w, https:\/\/revolutionarena.com\/pt-br\/wp-content\/uploads\/sites\/2\/2024\/01\/ACER-NA-BGS-ENTREVISTA-Um-Evento-Inclusivo-e-Uma-Jornada-em-Busca-da-Acessibilidade-Evoverse-Tik-Tok-300x180.jpg 300w\" sizes=\"auto, (max-width: 700px) 100vw, 700px\" \/><\/figure>\n<\/div>\n\n\n<p>O estande da&nbsp;<strong>Evoverse&nbsp;<\/strong>tamb\u00e9m contava com int\u00e9rpretes para auxiliar as pessoas que estavam por l\u00e1. O estande era grande e possu\u00eda bastante espa\u00e7o para os visitantes se locomoverem e aproveitarem o jogo por l\u00e1. No momento em que est\u00e1vamos l\u00e1, havia diversas pessoas acompanhadas pelos int\u00e9rpretes e foi bem bacana de ver. Aproveitamos para registrar esse momento e conseguimos traz\u00ea-lo para a mat\u00e9ria.<\/p>\n\n\n<div class=\"wp-block-image\">\n<figure class=\"aligncenter size-full\"><img loading=\"lazy\" decoding=\"async\" width=\"700\" height=\"420\" src=\"https:\/\/revolutionarena.com\/pt-br\/wp-content\/uploads\/sites\/2\/2024\/01\/ACER-NA-BGS-ENTREVISTA-Um-Evento-Inclusivo-e-Uma-Jornada-em-Busca-da-Acessibilidade-Evoverse.jpg\" alt=\"\" class=\"wp-image-58\" srcset=\"https:\/\/revolutionarena.com\/pt-br\/wp-content\/uploads\/sites\/2\/2024\/01\/ACER-NA-BGS-ENTREVISTA-Um-Evento-Inclusivo-e-Uma-Jornada-em-Busca-da-Acessibilidade-Evoverse.jpg 700w, https:\/\/revolutionarena.com\/pt-br\/wp-content\/uploads\/sites\/2\/2024\/01\/ACER-NA-BGS-ENTREVISTA-Um-Evento-Inclusivo-e-Uma-Jornada-em-Busca-da-Acessibilidade-Evoverse-300x180.jpg 300w\" sizes=\"auto, (max-width: 700px) 100vw, 700px\" \/><\/figure>\n<\/div>\n\n\n<p>A \u00fanica coisa que sentimos falta por l\u00e1 foi relacionado aos deficientes visuais. N\u00e3o encontramos nada que pudesse represent\u00e1-los por l\u00e1. Se voc\u00ea esteve l\u00e1 ou faz parte da organiza\u00e7\u00e3o do evento e saberia informar melhor a respeito, basta entrar em contato com o site pelas redes sociais para acrescentarmos.<\/p>\n\n\n\n<p><strong>Conclus\u00e3o<\/strong><\/p>\n\n\n\n<p>A Brasil Game Show se mostra um evento muito inclusivo em diferentes quesitos. As pessoas que frequentam o evento saem de l\u00e1 maravilhadas com tudo que encontram e ansiosas para estarem l\u00e1 novamente no ano seguinte. A\u00a0<strong>BGS 2022<\/strong>\u00a0traz como seu slogan\u00a0<strong>\u201cDe Volta ao Jogo\u201d<\/strong>\u00a0e n\u00e3o \u00e9 \u00e0 toa. Assim como o\u00a0<strong>Marcelo Tavares<\/strong>, principal respons\u00e1vel pela exist\u00eancia do evento, disse na coletiva de imprensa, o evento traz \u201cDe Volta ao Jogo\u201d em um evento p\u00f3s pandemia, porque passamos de fase. Passamos uma fase ruim sem eventos, sem socializarmos, sem estarmos em meio ao contato humano e agora estamos retornando com tudo. Todos podem aproveitar essa experi\u00eancia, indo desde aos mais novos, at\u00e9 os mais velhos. Dentro e fora do universo gamer. Mas, principalmente, um evento acess\u00edvel para que pessoas com os mais variados tipos de defici\u00eancia se sintam inseridas e possam aproveitar o grande evento da\u00a0<strong>Brasil Game Show<\/strong>. Espero que essa mat\u00e9ria mostre para outros organizadores de eventos o quanto n\u00f3s podemos tornar a experi\u00eancia desses momentos mais inclusivas e acess\u00edveis para todos.<\/p>\n","protected":false},"excerpt":{"rendered":"<p>O n\u00famero de jogos que trazem ferramentas de acessibilidade para incluir jogadores com os mais variados tipos de defici\u00eancia tem&hellip;<\/p>\n","protected":false},"author":3,"featured_media":59,"comment_status":"open","ping_status":"open","sticky":false,"template":"","format":"standard","meta":{"fifu_image_url":"","fifu_image_alt":"","footnotes":""},"categories":[23,5],"tags":[],"class_list":["post-52","post","type-post","status-publish","format-standard","has-post-thumbnail","hentry","category-destaques","category-entrevistas"],"_links":{"self":[{"href":"https:\/\/revolutionarena.com\/pt-br\/wp-json\/wp\/v2\/posts\/52","targetHints":{"allow":["GET"]}}],"collection":[{"href":"https:\/\/revolutionarena.com\/pt-br\/wp-json\/wp\/v2\/posts"}],"about":[{"href":"https:\/\/revolutionarena.com\/pt-br\/wp-json\/wp\/v2\/types\/post"}],"author":[{"embeddable":true,"href":"https:\/\/revolutionarena.com\/pt-br\/wp-json\/wp\/v2\/users\/3"}],"replies":[{"embeddable":true,"href":"https:\/\/revolutionarena.com\/pt-br\/wp-json\/wp\/v2\/comments?post=52"}],"version-history":[{"count":2,"href":"https:\/\/revolutionarena.com\/pt-br\/wp-json\/wp\/v2\/posts\/52\/revisions"}],"predecessor-version":[{"id":60,"href":"https:\/\/revolutionarena.com\/pt-br\/wp-json\/wp\/v2\/posts\/52\/revisions\/60"}],"wp:featuredmedia":[{"embeddable":true,"href":"https:\/\/revolutionarena.com\/pt-br\/wp-json\/wp\/v2\/media\/59"}],"wp:attachment":[{"href":"https:\/\/revolutionarena.com\/pt-br\/wp-json\/wp\/v2\/media?parent=52"}],"wp:term":[{"taxonomy":"category","embeddable":true,"href":"https:\/\/revolutionarena.com\/pt-br\/wp-json\/wp\/v2\/categories?post=52"},{"taxonomy":"post_tag","embeddable":true,"href":"https:\/\/revolutionarena.com\/pt-br\/wp-json\/wp\/v2\/tags?post=52"}],"curies":[{"name":"wp","href":"https:\/\/api.w.org\/{rel}","templated":true}]}}